{"id":15033,"date":"2019-07-31T09:27:41","date_gmt":"2019-07-31T07:27:41","guid":{"rendered":"https:\/\/www.diedruckerei.de\/magazin\/?p=15033"},"modified":"2025-04-28T14:40:48","modified_gmt":"2025-04-28T12:40:48","slug":"skalering-billeder-photoshop","status":"publish","type":"post","link":"https:\/\/www.onlineprinters.dk\/blog\/skalering-billeder-photoshop\/","title":{"rendered":"Photoshop: Skalering af billeder i Photoshop med det praktiske v\u00e6rkt\u00f8j \u201eSkalering, der afh\u00e6nger af indholdet\u201c"},"content":{"rendered":"<p><span lang=\"DA\">I forbindelse med et projekt skal du s\u00e6tte et billede i st\u00e5ende format til liggende format \u2013 ideelt uden at besk\u00e6re eller forvr\u00e6nge motivet. Photoshop skalerer dine billeder nemt og hurtigt med v\u00e6rkt\u00f8jet \u201eSkalering, der afh\u00e6nger af indholdet\u201c uden tab af billedindhold. Vi viser dig, hvordan du med f\u00e5 trin kan f\u00e5 sat dine billeder i et nyt format.<\/span><\/p>\n<p><!--more--><\/p>\n<p><span lang=\"DA\">Skaleringsproblemet er ikke nyt. I Photoshop findes der forskellige l\u00f8sningstiltag til at s\u00e6tte billeder \u2013 mere eller mindre vellykket \u2013 i nogle definerede m\u00e5l. Nogle Photoshop-brugere skalerer ved at udbrede hele billedet i et lag med kommandoe<\/span><span lang=\"DA\">n\u00a0<\/span><span class=\"guideline\"><span lang=\"DA\">Transformer<\/span><\/span><span lang=\"DA\">&gt;<\/span><span class=\"guideline\"><span lang=\"DA\">Skaler<\/span><\/span><span lang=\"DA\">.<\/span><span lang=\"DA\"> P\u00e5 den m\u00e5de forvr\u00e6nges hovedmotivet ofte kraftigt (B1). En anden mulighed: Tilpasning af billedets bredde ved hj\u00e6lp af proportional forst\u00f8rrelse. Desv\u00e6rre bliver hovedmotivet i den forbindelse ofte besk\u00e5ret, og billedopbygningen \u00e6ndres (B2). Selv hvis det kun er en del af billedet, der bliver skaleret, eller hvis den manglende bredde bliver fyldt med de samme farvev\u00e6rdier eller m\u00f8nstre, bliver resultatet ofte ikke alt for tilfredsstillende (B3).<\/span><\/p>\n<div id='gallery-1' class='gallery galleryid-15033 gallery-columns-2 gallery-size-medium'><figure class='gallery-item'>\n\t\t\t<div class='gallery-icon landscape'>\n\t\t\t\t<a href='https:\/\/www.onlineprinters.dk\/blog\/wp-content\/uploads\/2019\/07\/content-aware-scale-original-dog-1.jpg'><img loading=\"lazy\" decoding=\"async\" width=\"300\" height=\"174\" src=\"https:\/\/www.onlineprinters.dk\/blog\/wp-content\/uploads\/2019\/07\/content-aware-scale-original-dog-1-300x174.jpg\" class=\"td-modal-image attachment-medium size-medium\" alt=\"\" aria-describedby=\"gallery-1-19873\" srcset=\"https:\/\/www.onlineprinters.dk\/blog\/wp-content\/uploads\/2019\/07\/content-aware-scale-original-dog-1-300x174.jpg 300w, https:\/\/www.onlineprinters.dk\/blog\/wp-content\/uploads\/2019\/07\/content-aware-scale-original-dog-1-768x445.jpg 768w, https:\/\/www.onlineprinters.dk\/blog\/wp-content\/uploads\/2019\/07\/content-aware-scale-original-dog-1-1024x594.jpg 1024w, https:\/\/www.onlineprinters.dk\/blog\/wp-content\/uploads\/2019\/07\/content-aware-scale-original-dog-1-696x404.jpg 696w, https:\/\/www.onlineprinters.dk\/blog\/wp-content\/uploads\/2019\/07\/content-aware-scale-original-dog-1-1068x619.jpg 1068w, https:\/\/www.onlineprinters.dk\/blog\/wp-content\/uploads\/2019\/07\/content-aware-scale-original-dog-1-724x420.jpg 724w, https:\/\/www.onlineprinters.dk\/blog\/wp-content\/uploads\/2019\/07\/content-aware-scale-original-dog-1.jpg 1552w\" sizes=\"(max-width: 300px) 100vw, 300px\" \/><\/a>\n\t\t\t<\/div>\n\t\t\t\t<figcaption class='wp-caption-text gallery-caption' id='gallery-1-19873'>\n\t\t\t\tB0) Originalbilledet skal g\u00f8res bredere\n\t\t\t\t<\/figcaption><\/figure><figure class='gallery-item'>\n\t\t\t<div class='gallery-icon landscape'>\n\t\t\t\t<a href='https:\/\/www.onlineprinters.dk\/blog\/wp-content\/uploads\/2019\/07\/content-aware-scale-simple-scaling-1.jpg'><img loading=\"lazy\" decoding=\"async\" width=\"300\" height=\"174\" src=\"https:\/\/www.onlineprinters.dk\/blog\/wp-content\/uploads\/2019\/07\/content-aware-scale-simple-scaling-1-300x174.jpg\" class=\"td-modal-image attachment-medium size-medium\" alt=\"\" aria-describedby=\"gallery-1-19876\" srcset=\"https:\/\/www.onlineprinters.dk\/blog\/wp-content\/uploads\/2019\/07\/content-aware-scale-simple-scaling-1-300x174.jpg 300w, https:\/\/www.onlineprinters.dk\/blog\/wp-content\/uploads\/2019\/07\/content-aware-scale-simple-scaling-1-768x444.jpg 768w, https:\/\/www.onlineprinters.dk\/blog\/wp-content\/uploads\/2019\/07\/content-aware-scale-simple-scaling-1-1024x592.jpg 1024w, https:\/\/www.onlineprinters.dk\/blog\/wp-content\/uploads\/2019\/07\/content-aware-scale-simple-scaling-1-696x403.jpg 696w, https:\/\/www.onlineprinters.dk\/blog\/wp-content\/uploads\/2019\/07\/content-aware-scale-simple-scaling-1-1068x618.jpg 1068w, https:\/\/www.onlineprinters.dk\/blog\/wp-content\/uploads\/2019\/07\/content-aware-scale-simple-scaling-1-726x420.jpg 726w, https:\/\/www.onlineprinters.dk\/blog\/wp-content\/uploads\/2019\/07\/content-aware-scale-simple-scaling-1.jpg 1551w\" sizes=\"(max-width: 300px) 100vw, 300px\" \/><\/a>\n\t\t\t<\/div>\n\t\t\t\t<figcaption class='wp-caption-text gallery-caption' id='gallery-1-19876'>\n\t\t\t\tB1) Enkel skalering: Hunden er forvr\u00e6nget\n\t\t\t\t<\/figcaption><\/figure><figure class='gallery-item'>\n\t\t\t<div class='gallery-icon landscape'>\n\t\t\t\t<a href='https:\/\/www.onlineprinters.dk\/blog\/wp-content\/uploads\/2019\/07\/content-aware-scale-proportional-scaling-1.jpg'><img loading=\"lazy\" decoding=\"async\" width=\"300\" height=\"174\" src=\"https:\/\/www.onlineprinters.dk\/blog\/wp-content\/uploads\/2019\/07\/content-aware-scale-proportional-scaling-1-300x174.jpg\" class=\"td-modal-image attachment-medium size-medium\" alt=\"\" aria-describedby=\"gallery-1-19874\" srcset=\"https:\/\/www.onlineprinters.dk\/blog\/wp-content\/uploads\/2019\/07\/content-aware-scale-proportional-scaling-1-300x174.jpg 300w, https:\/\/www.onlineprinters.dk\/blog\/wp-content\/uploads\/2019\/07\/content-aware-scale-proportional-scaling-1-768x445.jpg 768w, https:\/\/www.onlineprinters.dk\/blog\/wp-content\/uploads\/2019\/07\/content-aware-scale-proportional-scaling-1-1024x593.jpg 1024w, https:\/\/www.onlineprinters.dk\/blog\/wp-content\/uploads\/2019\/07\/content-aware-scale-proportional-scaling-1-696x403.jpg 696w, https:\/\/www.onlineprinters.dk\/blog\/wp-content\/uploads\/2019\/07\/content-aware-scale-proportional-scaling-1-1068x618.jpg 1068w, https:\/\/www.onlineprinters.dk\/blog\/wp-content\/uploads\/2019\/07\/content-aware-scale-proportional-scaling-1-726x420.jpg 726w, https:\/\/www.onlineprinters.dk\/blog\/wp-content\/uploads\/2019\/07\/content-aware-scale-proportional-scaling-1.jpg 1548w\" sizes=\"(max-width: 300px) 100vw, 300px\" \/><\/a>\n\t\t\t<\/div>\n\t\t\t\t<figcaption class='wp-caption-text gallery-caption' id='gallery-1-19874'>\n\t\t\t\tB2) Proportional forst\u00f8rrelse: Det centrale motiv forst\u00f8rres og forskydes\n\t\t\t\t<\/figcaption><\/figure><figure class='gallery-item'>\n\t\t\t<div class='gallery-icon landscape'>\n\t\t\t\t<a href='https:\/\/www.onlineprinters.dk\/blog\/wp-content\/uploads\/2019\/07\/content-aware-scale-scale-areas-1.jpg'><img loading=\"lazy\" decoding=\"async\" width=\"300\" height=\"172\" src=\"https:\/\/www.onlineprinters.dk\/blog\/wp-content\/uploads\/2019\/07\/content-aware-scale-scale-areas-1-300x172.jpg\" class=\"td-modal-image attachment-medium size-medium\" alt=\"\" aria-describedby=\"gallery-1-19875\" srcset=\"https:\/\/www.onlineprinters.dk\/blog\/wp-content\/uploads\/2019\/07\/content-aware-scale-scale-areas-1-300x172.jpg 300w, https:\/\/www.onlineprinters.dk\/blog\/wp-content\/uploads\/2019\/07\/content-aware-scale-scale-areas-1-768x441.jpg 768w, https:\/\/www.onlineprinters.dk\/blog\/wp-content\/uploads\/2019\/07\/content-aware-scale-scale-areas-1-1024x588.jpg 1024w, https:\/\/www.onlineprinters.dk\/blog\/wp-content\/uploads\/2019\/07\/content-aware-scale-scale-areas-1-696x400.jpg 696w, https:\/\/www.onlineprinters.dk\/blog\/wp-content\/uploads\/2019\/07\/content-aware-scale-scale-areas-1-1068x613.jpg 1068w, https:\/\/www.onlineprinters.dk\/blog\/wp-content\/uploads\/2019\/07\/content-aware-scale-scale-areas-1-732x420.jpg 732w, https:\/\/www.onlineprinters.dk\/blog\/wp-content\/uploads\/2019\/07\/content-aware-scale-scale-areas-1.jpg 1554w\" sizes=\"(max-width: 300px) 100vw, 300px\" \/><\/a>\n\t\t\t<\/div>\n\t\t\t\t<figcaption class='wp-caption-text gallery-caption' id='gallery-1-19875'>\n\t\t\t\tB3) Fyldning \/ skalering af omr\u00e5der: Hovedmotivet forbliver uber\u00f8rt, baggrunden skaleres\n\t\t\t\t<\/figcaption><\/figure>\n\t\t<\/div>\n\n<h2><span lang=\"DA\">Den elegante l\u00f8sning: skalering, der afh\u00e6nger af indholdet<\/span><\/h2>\n<p><a href=\"https:\/\/www.onlineprinters.dk\/blog\/wp-content\/uploads\/2019\/07\/content-aware-scale-background-layer.jpg\"><img loading=\"lazy\" decoding=\"async\" class=\"td-modal-image wp-image-15041\" src=\"https:\/\/www.onlineprinters.dk\/blog\/wp-content\/uploads\/2019\/07\/content-aware-scale-background-layer.jpg\" alt=\"Sk\u00e6rmbillede af Photoshop, der viser dialogboksen Nyt lag, der bruges til at navngive et nyt lag, med et foto af hvide blomster p\u00e5 en bl\u00e5 baggrund \u00e5bent i arbejdsomr\u00e5det. Panelet Lag er synligt til h\u00f8jre.\" width=\"527\" height=\"451\" \/><\/a><br \/>\n<span lang=\"DA\">Men der er ogs\u00e5 andre m\u00e5der. For Photoshop har allerede siden versionen CS4 med\u00a0<\/span><span class=\"guideline\" lang=\"DA\">Skalering, der afh\u00e6nger af indholdet<\/span><span lang=\"DA\">\u00a0haft en effektiv kommando til dette problem, som ikke alle brugere er bevidste om. I mods\u00e6tning til normal skalering i Photoshop\u00a0<strong>tager\u00a0dette v\u00e6rkt\u00f8j hensyn til vigtigt billedindhold<\/strong>\u00a0og pr\u00f8ver at opretholde det.<\/span><\/p>\n<p><span lang=\"DA\">Indr\u00f8mmet, billedredigeringens slutresultat er meget afh\u00e6ngigt af motivet, og udfaldet er ikke altid optimalt. Velegnet er is\u00e6r billeder, hvor hovedmotivet skiller sig tydeligt ud fra baggrunden. Men ogs\u00e5 for mange andre motiver g\u00e6lder f\u00f8lgende: Photoshops \u201eSkalering, der afh\u00e6nger af indholdet\u201c er i hvert fald et fors\u00f8g v\u00e6rd. For det fungerer nemt og hurtigt.<\/span><\/p>\n<p><span lang=\"DA\">Vi viser dig ved hj\u00e6lp af f\u00f8lgende illustrationer, hvordan kommandoen fungerer helt pr\u00e6cist, og med hvilket trick du kan udvide funktionsm\u00e5den.<\/span><\/p>\n<h2><span lang=\"DA\">Photoshop-skalering \u2013 s\u00e5dan lykkes det ved enkle motiver<\/span><\/h2>\n<h3><span lang=\"DA\">Trin 1: Opl\u00f8s baggrundslag<\/span><\/h3>\n<p><a href=\"https:\/\/www.onlineprinters.dk\/blog\/wp-content\/uploads\/2019\/07\/content-aware-scale-background-layer.jpg\"><img loading=\"lazy\" decoding=\"async\" class=\"td-modal-image wp-image-15046 size-full\" src=\"https:\/\/www.onlineprinters.dk\/blog\/wp-content\/uploads\/2019\/07\/content-aware-scale-background-layer.jpg\" alt=\"Sk\u00e6rmbillede af Photoshop, der viser dialogboksen Nyt lag, der bruges til at navngive et nyt lag, med et foto af hvide blomster p\u00e5 en bl\u00e5 baggrund \u00e5bent i arbejdsomr\u00e5det. Panelet Lag er synligt til h\u00f8jre.\" width=\"757\" height=\"420\" \/><\/a><\/p>\n<p><span lang=\"DA\">Efter det \u00f8nskede motiv er blevet \u00e5bnet i Photoshop, b\u00f8r man f\u00f8rst opl\u00f8se baggrundslaget. Det g\u00f8r man hurtigst muligt med e<\/span><span lang=\"DA\">t\u00a0<\/span><span class=\"guideline\" lang=\"DA\">dobbeltklik<\/span><span lang=\"DA\">\u00a0<\/span><span lang=\"DA\">p\u00e5 baggrundslaget.<\/span><\/p>\n<h3><span lang=\"DA\">Trin 2: Tilpas l\u00e6rredsst\u00f8rrelse<\/span><\/h3>\n<p><a href=\"https:\/\/www.onlineprinters.dk\/blog\/wp-content\/uploads\/2019\/07\/content-aware-scale-canvas-size.jpg\"><img loading=\"lazy\" decoding=\"async\" class=\"td-modal-image wp-image-15041\" src=\"https:\/\/www.onlineprinters.dk\/blog\/wp-content\/uploads\/2019\/07\/content-aware-scale-canvas-size.jpg\" alt=\"Sk\u00e6rmbillede af Adobe Photoshop med billedmenuen \u00e5ben og fremh\u00e6ver indstillingen Canvas Size, som er valgt og viser genvejen Alt+Ctrl+C. En del af et foto med bl\u00e5 himmel og et tr\u00e6 er synligt nedenunder.\" width=\"527\" height=\"451\" \/><\/a><\/p>\n<p><span lang=\"DA\">I det n\u00e6ste trin skal billedets fordefinerede st\u00f8rrelse indstilles ved at tilpasse billedets l\u00e6rredsst\u00f8rrelse. I menubj\u00e6lken under punkt<\/span><span lang=\"DA\">et\u00a0<\/span><span class=\"guideline\" lang=\"DA\">Billede<\/span><span lang=\"DA\">\u00a0<\/span><span lang=\"DA\">kan man med kommandoen\u00a0<\/span><span class=\"guideline\" lang=\"DA\">L\u00e6rredsst\u00f8rrelse<\/span><span lang=\"DA\">\u00a0\u00f8ge st\u00f8rrelsen efter eget \u00f8nske.<\/span><\/p>\n<h3><span lang=\"DA\">Trin 3: Skalering, der afh\u00e6nger af indholdet<\/span><\/h3>\n<p><a href=\"https:\/\/www.onlineprinters.dk\/magazine\/wp-content\/uploads\/2019\/07\/content-aware-scale-menu.jpg\"><img loading=\"lazy\" decoding=\"async\" class=\"td-modal-image wp-image-15047 size-full\" src=\"https:\/\/www.onlineprinters.dk\/magazine\/wp-content\/uploads\/2019\/07\/content-aware-scale-menu.jpg\" alt=\"\" width=\"533\" height=\"808\" \/><\/a><\/p>\n<p><span lang=\"DA\">Kommandoen\u00a0<\/span><span class=\"guideline\" lang=\"DA\">Skalering, der afh\u00e6nger af indholdet<\/span><span lang=\"DA\">\u00a0finder man lidt gemt i menuen\u00a0<\/span><span class=\"guideline\" lang=\"DA\">Rediger<\/span><span lang=\"DA\">. Ved at v\u00e6lge funktionen viser Photoshop nu en ramme omkring billedet. Den kan forst\u00f8rres ved at tr\u00e6kke i den. Ved simple motiver med en klar eller ensfarvet baggrund kan funktionen bruges optimalt.<\/span><\/p>\n<p><a href=\"https:\/\/www.onlineprinters.dk\/blog\/wp-content\/uploads\/2019\/07\/content-aware-scale-example.jpg\"><img loading=\"lazy\" decoding=\"async\" class=\"td-modal-image size-full wp-image-15039\" src=\"https:\/\/www.onlineprinters.dk\/blog\/wp-content\/uploads\/2019\/07\/content-aware-scale-example.jpg\" alt=\"En enkelt blomstrende gren med hvide blomster str\u00e6kker sig diagonalt mod en klar bl\u00e5 himmel og skaber en minimalistisk og rolig komposition.\" width=\"1567\" height=\"937\" \/><\/a><\/p>\n<p><span lang=\"DA\">Ved dette eksempel fremh\u00e6ves hovedmotivet tydeligt fra den rolige baggrund. Photoshop er i stand til at registrere kirseb\u00e6rblomsten. Fordi ikke alle pixel \u00e6ndres ensartet ved skalering, der afh\u00e6nger af indholdet, men kun dem, der ikke har vigtigt indhold, udbredes der ved dette billede kun himlen i baggrunden, men ikke blomsterne.<\/span><\/p>\n<div>\n<div>\n<div class=\"custom-background custom-background-dos\">\n<p><span lang=\"DA\">Vores tip: Hvis du skalerer billeder med Photoshop, afh\u00e6nger billedredigeringens resultatet kraftigt af dit billede. For at funktionen\u00a0<\/span><span class=\"guideline\" lang=\"DA\">Skalering, der afh\u00e6nger af indholdet<\/span> <span lang=\"DA\">kan levere gode resultater, b\u00f8r hovedmotivet tydeligt fremh\u00e6ve sig fra baggrunden.<\/span><\/p>\n<\/div>\n<\/div>\n<\/div>\n<h2><span lang=\"DA\">Skalering, der afh\u00e6nger af indholdet, med komplicerede motiver<\/span><\/h2>\n<p><span lang=\"DA\">Der findes mange billeder, hvor \u201eSkalering, der afh\u00e6nger af indholdet\u201c ikke med det samme giver et tilfredsstillende resultat. Det kan v\u00e6re tilf\u00e6ldet, hvis baggrunden er for urolig, eller hvis baggrunden og hovedmotivet har lignende farvev\u00e6rdier. I begge tilf\u00e6lde kan Photoshop ikke tydeligt registrere hovedmotivet. Her skal hovedmotivet fastl\u00e6gges og beskyttes manuelt.<\/span><\/p>\n<p><a href=\"https:\/\/www.onlineprinters.dk\/blog\/wp-content\/uploads\/2019\/07\/content-aware-scale-complex-subjects.jpg\"><img loading=\"lazy\" decoding=\"async\" class=\"td-modal-image size-full wp-image-15038\" src=\"https:\/\/www.onlineprinters.dk\/blog\/wp-content\/uploads\/2019\/07\/content-aware-scale-complex-subjects.jpg\" alt=\"En kvinde med langt brunt h\u00e5r og en bl\u00e5gr\u00f8n skjorte st\u00e5r smilende foran en m\u00f8rkegr\u00e5 murstensv\u00e6g. Billedet er \u00e5bent i et billedredigeringsprogram.\" width=\"1558\" height=\"988\" \/><\/a><\/p>\n<p><span lang=\"DA\">Modellen og baggrunden i dette eksempel indeholder lignende farvev\u00e6rdier og adskiller sig n\u00e6sten ikke. Photoshop kan ikke rigtigt registrere kvinden isoleret. Hvis man nu udf\u00f8rer kommandoen\u00a0<\/span><span class=\"guideline\" lang=\"DA\">Skalering, der afh\u00e6nger af indholdet<\/span><span lang=\"DA\">, udbredes ikke kun baggrunden, men ogs\u00e5 kvinden \u2013 det bliver is\u00e6r tydeligt ved hendes ansigt.<\/span><\/p>\n<h3><span lang=\"DA\">Trin 4: Fastl\u00e6g og beskyt hovedmotivet manuelt<\/span><\/h3>\n<p><a href=\"https:\/\/www.onlineprinters.dk\/blog\/wp-content\/uploads\/2019\/07\/content-aware-scale-lasso-tool.jpg\"><img loading=\"lazy\" decoding=\"async\" class=\"td-modal-image wp-image-15048 size-full\" src=\"https:\/\/www.onlineprinters.dk\/blog\/wp-content\/uploads\/2019\/07\/content-aware-scale-lasso-tool.jpg\" alt=\"Et billedredigeringssoftwarevindue viser en kvinde med langt brunt h\u00e5r mod en murstensv\u00e6g. En markeringsoversigt omgiver hende, og menuen V\u00e6lg er \u00e5ben med &quot;Gem valg...&quot; fremh\u00e6vet.\" width=\"1591\" height=\"986\" \/><\/a><\/p>\n<p><span lang=\"DA\">For alligevel at kunne udf\u00f8re en skalering, der afh\u00e6nger af indholdet, af billedet oprettes der et udvalg af hovedmotivet, inden kommandoen bliver udf\u00f8rt. Takket v\u00e6re\u00a0<\/span><span class=\"guideline\" lang=\"DA\">hurtigvalgv\u00e6rkt\u00f8jet<\/span><span lang=\"DA\">\u00a0<\/span><span lang=\"DA\">eller\u00a0<\/span><span class=\"guideline\" lang=\"DA\">lassov\u00e6rkt\u00f8jet<\/span><span lang=\"DA\">\u00a0<\/span><span lang=\"DA\">fra v\u00e6rkt\u00f8jsbj\u00e6lken lykkes det uden problemer. S\u00e5 Photoshop senere registrerer udvalget \u2013 i dette tilf\u00e6lde kvinden \u2013, skal dette via menuen under\u00a0<\/span><span class=\"guideline\" lang=\"DA\">V\u00e6lg<\/span><span lang=\"DA\">\u00a0<\/span><span lang=\"DA\">gemmes og tildeles et navn med kommandoen\u00a0<\/span><span class=\"guideline\" lang=\"DA\">Gem det valgte<\/span><span lang=\"DA\">.<\/span><\/p>\n<p><a href=\"https:\/\/www.onlineprinters.dk\/blog\/wp-content\/uploads\/2019\/07\/content-aware-scale-save-selection.jpg\"><img loading=\"lazy\" decoding=\"async\" class=\"td-modal-image wp-image-15049 size-full\" src=\"https:\/\/www.onlineprinters.dk\/blog\/wp-content\/uploads\/2019\/07\/content-aware-scale-save-selection.jpg\" alt=\"En kvinde med langt brunt h\u00e5r st\u00e5r foran en m\u00f8rk murstensv\u00e6g; fotoredigeringssoftware viser en markering omrids omkring hende og en Gem valg dialogboks \u00e5ben p\u00e5 billedet.\" width=\"1552\" height=\"899\" \/><\/a><\/p>\n<p><span lang=\"DA\">For kun p\u00e5 den m\u00e5de bliver kvinden beskyttet og ikke udbredt ved kommandoen\u00a0<\/span><span class=\"guideline\" lang=\"DA\">Skalering, der afh\u00e6nger af indholdet<\/span><span lang=\"DA\">. I vores eksempel gemmes udvalget som \u201eWoman\u201c. Vigtigt: Derefter skal udvalget oph\u00e6ves igen, fordi skaleringen ellers kun er relateret til udvalget \u2013 nemt og hurtigt med tastkombinationen\u00a0<\/span><span class=\"guideline\" lang=\"DA\">CTRL + D<\/span><span lang=\"DA\">\u00a0eller for Mac\u00a0<\/span><span class=\"guideline\" lang=\"DA\">\u00c6ble + D<\/span><span lang=\"DA\">.<\/span><\/p>\n<div>\n<div class=\"custom-background-grey\">\n<p><span lang=\"DA\">Mere pr\u00e6cision: Du kan optimere udvalget af dit hovedmotiv ved i Adobe-menuen under\u00a0<\/span><span class=\"guideline\" lang=\"DA\">V\u00e6lg<\/span><span lang=\"DA\">\u00a0<\/span><span lang=\"DA\">at v\u00e6lge kommandoen\u00a0<\/span><span class=\"guideline\" lang=\"DA\">Modificer<\/span><span lang=\"DA\">\u00a0<\/span><span lang=\"DA\">&gt;\u00a0<\/span><span class=\"guideline\" lang=\"DA\">Udvid<\/span><span lang=\"DA\">\u00a0<\/span><span lang=\"DA\">og derefter sl\u00f8re kanterne eller udvide udvalget med et par pixel.<\/span><\/p>\n<\/div>\n<\/div>\n<h3><span lang=\"DA\">Trin 5:\u00a0Bevar udvalg og skaler afh\u00e6ngigt af indholdet<\/span><\/h3>\n<p><a href=\"https:\/\/www.onlineprinters.dk\/blog\/wp-content\/uploads\/2019\/07\/content-aware-scale-protect-selection.jpg\"><img loading=\"lazy\" decoding=\"async\" class=\"td-modal-image size-full wp-image-15043\" src=\"https:\/\/www.onlineprinters.dk\/blog\/wp-content\/uploads\/2019\/07\/content-aware-scale-protect-selection.jpg\" alt=\"Et sk\u00e6rmbillede af Adobe Photoshop viser rullemenuen Beskyt \u00e5ben i den \u00f8verste indstillingslinje og viser to muligheder: Ingen og Kvinder. Den aktuelt valgte indstilling er Ingen.\" width=\"811\" height=\"136\" \/><\/a><\/p>\n<p><span lang=\"DA\">Derefter f\u00f8lger kommandoen\u00a0<\/span><span class=\"guideline\" lang=\"DA\">Skalering, der afh\u00e6nger af indholdet<\/span><span lang=\"DA\"> p\u00e5 det udvidede l\u00e6rred. I funktionsbj\u00e6lken foroven har man nu adgang til det gemte udvalg. Hovedmotivet beskyttes og opretholdes uforandret, hvis det fastlagte udvalg \u201eWoman\u201c v\u00e6lges under menupunktet\u00a0<\/span><span class=\"guideline\" lang=\"DA\">Beskyt<\/span><span lang=\"DA\">.<\/span><\/p>\n<h3><span lang=\"DA\">Trin 6: Succesfuld skalering med et godt resultat<\/span><\/h3>\n<p><a href=\"https:\/\/www.onlineprinters.dk\/blog\/wp-content\/uploads\/2019\/07\/content-aware-scale-result.jpg\"><img loading=\"lazy\" decoding=\"async\" class=\"td-modal-image size-full wp-image-15045\" src=\"https:\/\/www.onlineprinters.dk\/blog\/wp-content\/uploads\/2019\/07\/content-aware-scale-result.jpg\" alt=\"En kvinde med langt brunt h\u00e5r og en bl\u00e5gr\u00f8n skjorte st\u00e5r foran en m\u00f8rkegr\u00e5 murstensv\u00e6g og smiler let til kameraet.\" width=\"1557\" height=\"896\" \/><\/a><\/p>\n<p><span lang=\"DA\">Derefter tilpasser man begr\u00e6nsningsrammen til l\u00e6rredsst\u00f8rrelsen ved at tr\u00e6kke i vestre og h\u00f8jre side. Fordi hovedmotivet ved udvalget bliver udelukket af pixelberegningerne i Photoshop, udbredes kun baggrunden. Resultatet er flot: Det er forbl\u00f8ffende, med hvilken pr\u00e6cision Photoshop udf\u00f8rer disse beregninger.<\/span><\/p>\n<div>\n<div class=\"custom-background-grey\">\n<p><span lang=\"DA\">Tip:<\/span><span lang=\"DA\">\u00a0Det hele skal afpr\u00f8ves. Hvis du er usikker p\u00e5, om dit billede bliver forst\u00f8rret tilfredsstillende med kommandoen\u00a0<\/span><span class=\"guideline\" lang=\"DA\">Skalering, der afh\u00e6nger af indholdet<\/span><span lang=\"DA\">, s\u00e5 pr\u00f8v dig frem. Fordi resultaterne for det meste bliver tilfredsstillende, kan arbejdet godt betale sig.<\/span><\/p>\n<\/div>\n<\/div>\n","protected":false},"excerpt":{"rendered":"<p>Hvis du skal s\u00e6tte billeder i en defineret st\u00f8rrelse, hj\u00e6lper Photoshop med funktionen \u201eskalering, der afh\u00e6nger af indholdet\u201c og forst\u00f8rrer dine billeder uden indholdstab.<\/p>\n","protected":false},"author":40,"featured_media":19859,"comment_status":"open","ping_status":"open","sticky":false,"template":"","format":"standard","meta":{"footnotes":""},"categories":[8,5],"tags":[],"yoast_head":"<!-- This site is optimized with the Yoast SEO plugin v24.5 - https:\/\/yoast.com\/wordpress\/plugins\/seo\/ -->\n<title>Skalering af billeder i Photoshop<\/title>\n<meta name=\"description\" content=\"St\u00e5ende format bliver til liggende format \u2013 takket v\u00e6re funktionen \u201eSkalering, der afh\u00e6nger af indholdet\u201c lykkes det i Photoshop at forst\u00f8rre billeder uden indholdstab.\" \/>\n<meta name=\"robots\" content=\"index, follow, max-snippet:-1, max-image-preview:large, max-video-preview:-1\" \/>\n<link rel=\"canonical\" href=\"https:\/\/www.onlineprinters.dk\/blog\/skalering-billeder-photoshop\/\" \/>\n<meta property=\"og:locale\" content=\"da_DK\" \/>\n<meta property=\"og:type\" content=\"article\" \/>\n<meta property=\"og:title\" content=\"Photoshop: Skalering af billeder i Photoshop med det praktiske v\u00e6rkt\u00f8j \u201eSkalering, der afh\u00e6nger af indholdet\u201c\" \/>\n<meta property=\"og:description\" content=\"St\u00e5ende format bliver til liggende format \u2013 takket v\u00e6re funktionen \u201eSkalering, der afh\u00e6nger af indholdet\u201c lykkes det i Photoshop at forst\u00f8rre billeder uden indholdstab.\" \/>\n<meta property=\"og:url\" content=\"https:\/\/www.onlineprinters.dk\/blog\/skalering-billeder-photoshop\/\" \/>\n<meta property=\"og:site_name\" content=\"onlineprinters.dk Blog\" \/>\n<meta property=\"article:published_time\" content=\"2019-07-31T07:27:41+00:00\" \/>\n<meta property=\"article:modified_time\" content=\"2025-04-28T12:40:48+00:00\" \/>\n<meta property=\"og:image\" content=\"https:\/\/www.onlineprinters.dk\/blog\/wp-content\/uploads\/2019\/07\/content-aware-scale.jpg\" \/>\n\t<meta property=\"og:image:width\" content=\"1068\" \/>\n\t<meta property=\"og:image:height\" content=\"580\" \/>\n\t<meta property=\"og:image:type\" content=\"image\/jpeg\" \/>\n<meta name=\"author\" content=\"Lena\" \/>\n<meta name=\"twitter:card\" content=\"summary_large_image\" \/>\n<meta name=\"twitter:title\" content=\"Photoshop: Skalering af billeder i Photoshop med det praktiske v\u00e6rkt\u00f8j \u201eSkalering, der afh\u00e6nger af indholdet\u201c\" \/>\n<meta name=\"twitter:label1\" content=\"Skrevet af\" \/>\n\t<meta name=\"twitter:data1\" content=\"Lena\" \/>\n\t<meta name=\"twitter:label2\" content=\"Estimeret l\u00e6setid\" \/>\n\t<meta name=\"twitter:data2\" content=\"5 minutter\" \/>\n<script type=\"application\/ld+json\" class=\"yoast-schema-graph\">{\"@context\":\"https:\/\/schema.org\",\"@graph\":[{\"@type\":\"WebPage\",\"@id\":\"https:\/\/www.onlineprinters.dk\/blog\/skalering-billeder-photoshop\/\",\"url\":\"https:\/\/www.onlineprinters.dk\/blog\/skalering-billeder-photoshop\/\",\"name\":\"Skalering af billeder i Photoshop\",\"isPartOf\":{\"@id\":\"https:\/\/www.onlineprinters.dk\/blog\/#website\"},\"primaryImageOfPage\":{\"@id\":\"https:\/\/www.onlineprinters.dk\/blog\/skalering-billeder-photoshop\/#primaryimage\"},\"image\":{\"@id\":\"https:\/\/www.onlineprinters.dk\/blog\/skalering-billeder-photoshop\/#primaryimage\"},\"thumbnailUrl\":\"https:\/\/www.onlineprinters.dk\/blog\/wp-content\/uploads\/2019\/07\/content-aware-scale.jpg\",\"datePublished\":\"2019-07-31T07:27:41+00:00\",\"dateModified\":\"2025-04-28T12:40:48+00:00\",\"author\":{\"@id\":\"https:\/\/www.onlineprinters.dk\/blog\/#\/schema\/person\/497450a696b11a429fa32e46aa88b26b\"},\"description\":\"St\u00e5ende format bliver til liggende format \u2013 takket v\u00e6re funktionen \u201eSkalering, der afh\u00e6nger af indholdet\u201c lykkes det i Photoshop at forst\u00f8rre billeder uden indholdstab.\",\"inLanguage\":\"da-DK\",\"potentialAction\":[{\"@type\":\"ReadAction\",\"target\":[\"https:\/\/www.onlineprinters.dk\/blog\/skalering-billeder-photoshop\/\"]}]},{\"@type\":\"ImageObject\",\"inLanguage\":\"da-DK\",\"@id\":\"https:\/\/www.onlineprinters.dk\/blog\/skalering-billeder-photoshop\/#primaryimage\",\"url\":\"https:\/\/www.onlineprinters.dk\/blog\/wp-content\/uploads\/2019\/07\/content-aware-scale.jpg\",\"contentUrl\":\"https:\/\/www.onlineprinters.dk\/blog\/wp-content\/uploads\/2019\/07\/content-aware-scale.jpg\",\"width\":1068,\"height\":580},{\"@type\":\"WebSite\",\"@id\":\"https:\/\/www.onlineprinters.dk\/blog\/#website\",\"url\":\"https:\/\/www.onlineprinters.dk\/blog\/\",\"name\":\"onlineprinters.dk Blog\",\"description\":\"\",\"potentialAction\":[{\"@type\":\"SearchAction\",\"target\":{\"@type\":\"EntryPoint\",\"urlTemplate\":\"https:\/\/www.onlineprinters.dk\/blog\/?s={search_term_string}\"},\"query-input\":{\"@type\":\"PropertyValueSpecification\",\"valueRequired\":true,\"valueName\":\"search_term_string\"}}],\"inLanguage\":\"da-DK\"},{\"@type\":\"Person\",\"@id\":\"https:\/\/www.onlineprinters.dk\/blog\/#\/schema\/person\/497450a696b11a429fa32e46aa88b26b\",\"name\":\"Lena\",\"image\":{\"@type\":\"ImageObject\",\"inLanguage\":\"da-DK\",\"@id\":\"https:\/\/www.onlineprinters.dk\/blog\/#\/schema\/person\/image\/\",\"url\":\"https:\/\/www.onlineprinters.dk\/blog\/wp-content\/uploads\/2018\/10\/avatar.png\",\"contentUrl\":\"https:\/\/www.onlineprinters.dk\/blog\/wp-content\/uploads\/2018\/10\/avatar.png\",\"caption\":\"Lena\"},\"url\":\"https:\/\/www.onlineprinters.dk\/blog\/author\/lena\/\"}]}<\/script>\n<!-- \/ Yoast SEO plugin. -->","yoast_head_json":{"title":"Skalering af billeder i Photoshop","description":"St\u00e5ende format bliver til liggende format \u2013 takket v\u00e6re funktionen \u201eSkalering, der afh\u00e6nger af indholdet\u201c lykkes det i Photoshop at forst\u00f8rre billeder uden indholdstab.","robots":{"index":"index","follow":"follow","max-snippet":"max-snippet:-1","max-image-preview":"max-image-preview:large","max-video-preview":"max-video-preview:-1"},"canonical":"https:\/\/www.onlineprinters.dk\/blog\/skalering-billeder-photoshop\/","og_locale":"da_DK","og_type":"article","og_title":"Photoshop: Skalering af billeder i Photoshop med det praktiske v\u00e6rkt\u00f8j \u201eSkalering, der afh\u00e6nger af indholdet\u201c","og_description":"St\u00e5ende format bliver til liggende format \u2013 takket v\u00e6re funktionen \u201eSkalering, der afh\u00e6nger af indholdet\u201c lykkes det i Photoshop at forst\u00f8rre billeder uden indholdstab.","og_url":"https:\/\/www.onlineprinters.dk\/blog\/skalering-billeder-photoshop\/","og_site_name":"onlineprinters.dk Blog","article_published_time":"2019-07-31T07:27:41+00:00","article_modified_time":"2025-04-28T12:40:48+00:00","og_image":[{"width":1068,"height":580,"url":"https:\/\/www.onlineprinters.dk\/blog\/wp-content\/uploads\/2019\/07\/content-aware-scale.jpg","type":"image\/jpeg"}],"author":"Lena","twitter_card":"summary_large_image","twitter_title":"Photoshop: Skalering af billeder i Photoshop med det praktiske v\u00e6rkt\u00f8j \u201eSkalering, der afh\u00e6nger af indholdet\u201c","twitter_misc":{"Skrevet af":"Lena","Estimeret l\u00e6setid":"5 minutter"},"schema":{"@context":"https:\/\/schema.org","@graph":[{"@type":"WebPage","@id":"https:\/\/www.onlineprinters.dk\/blog\/skalering-billeder-photoshop\/","url":"https:\/\/www.onlineprinters.dk\/blog\/skalering-billeder-photoshop\/","name":"Skalering af billeder i Photoshop","isPartOf":{"@id":"https:\/\/www.onlineprinters.dk\/blog\/#website"},"primaryImageOfPage":{"@id":"https:\/\/www.onlineprinters.dk\/blog\/skalering-billeder-photoshop\/#primaryimage"},"image":{"@id":"https:\/\/www.onlineprinters.dk\/blog\/skalering-billeder-photoshop\/#primaryimage"},"thumbnailUrl":"https:\/\/www.onlineprinters.dk\/blog\/wp-content\/uploads\/2019\/07\/content-aware-scale.jpg","datePublished":"2019-07-31T07:27:41+00:00","dateModified":"2025-04-28T12:40:48+00:00","author":{"@id":"https:\/\/www.onlineprinters.dk\/blog\/#\/schema\/person\/497450a696b11a429fa32e46aa88b26b"},"description":"St\u00e5ende format bliver til liggende format \u2013 takket v\u00e6re funktionen \u201eSkalering, der afh\u00e6nger af indholdet\u201c lykkes det i Photoshop at forst\u00f8rre billeder uden indholdstab.","inLanguage":"da-DK","potentialAction":[{"@type":"ReadAction","target":["https:\/\/www.onlineprinters.dk\/blog\/skalering-billeder-photoshop\/"]}]},{"@type":"ImageObject","inLanguage":"da-DK","@id":"https:\/\/www.onlineprinters.dk\/blog\/skalering-billeder-photoshop\/#primaryimage","url":"https:\/\/www.onlineprinters.dk\/blog\/wp-content\/uploads\/2019\/07\/content-aware-scale.jpg","contentUrl":"https:\/\/www.onlineprinters.dk\/blog\/wp-content\/uploads\/2019\/07\/content-aware-scale.jpg","width":1068,"height":580},{"@type":"WebSite","@id":"https:\/\/www.onlineprinters.dk\/blog\/#website","url":"https:\/\/www.onlineprinters.dk\/blog\/","name":"onlineprinters.dk Blog","description":"","potentialAction":[{"@type":"SearchAction","target":{"@type":"EntryPoint","urlTemplate":"https:\/\/www.onlineprinters.dk\/blog\/?s={search_term_string}"},"query-input":{"@type":"PropertyValueSpecification","valueRequired":true,"valueName":"search_term_string"}}],"inLanguage":"da-DK"},{"@type":"Person","@id":"https:\/\/www.onlineprinters.dk\/blog\/#\/schema\/person\/497450a696b11a429fa32e46aa88b26b","name":"Lena","image":{"@type":"ImageObject","inLanguage":"da-DK","@id":"https:\/\/www.onlineprinters.dk\/blog\/#\/schema\/person\/image\/","url":"https:\/\/www.onlineprinters.dk\/blog\/wp-content\/uploads\/2018\/10\/avatar.png","contentUrl":"https:\/\/www.onlineprinters.dk\/blog\/wp-content\/uploads\/2018\/10\/avatar.png","caption":"Lena"},"url":"https:\/\/www.onlineprinters.dk\/blog\/author\/lena\/"}]}},"_links":{"self":[{"href":"https:\/\/www.onlineprinters.dk\/blog\/wp-json\/wp\/v2\/posts\/15033"}],"collection":[{"href":"https:\/\/www.onlineprinters.dk\/blog\/wp-json\/wp\/v2\/posts"}],"about":[{"href":"https:\/\/www.onlineprinters.dk\/blog\/wp-json\/wp\/v2\/types\/post"}],"author":[{"embeddable":true,"href":"https:\/\/www.onlineprinters.dk\/blog\/wp-json\/wp\/v2\/users\/40"}],"replies":[{"embeddable":true,"href":"https:\/\/www.onlineprinters.dk\/blog\/wp-json\/wp\/v2\/comments?post=15033"}],"version-history":[{"count":11,"href":"https:\/\/www.onlineprinters.dk\/blog\/wp-json\/wp\/v2\/posts\/15033\/revisions"}],"predecessor-version":[{"id":40586,"href":"https:\/\/www.onlineprinters.dk\/blog\/wp-json\/wp\/v2\/posts\/15033\/revisions\/40586"}],"wp:featuredmedia":[{"embeddable":true,"href":"https:\/\/www.onlineprinters.dk\/blog\/wp-json\/wp\/v2\/media\/19859"}],"wp:attachment":[{"href":"https:\/\/www.onlineprinters.dk\/blog\/wp-json\/wp\/v2\/media?parent=15033"}],"wp:term":[{"taxonomy":"category","embeddable":true,"href":"https:\/\/www.onlineprinters.dk\/blog\/wp-json\/wp\/v2\/categories?post=15033"},{"taxonomy":"post_tag","embeddable":true,"href":"https:\/\/www.onlineprinters.dk\/blog\/wp-json\/wp\/v2\/tags?post=15033"}],"curies":[{"name":"wp","href":"https:\/\/api.w.org\/{rel}","templated":true}]}}